{"provider_url": "https://www.imbuia.sc.leg.br", "title": "01\u00aa Sess\u00e3o Ordin\u00e1ria (06.02.23)", "html": "<p>\u00a0</p>\r\n<p>A C\u00e2mara Municipal de Imbuia realizou nesta segunda-feira (06) a primeira Sess\u00e3o ordin\u00e1ria de 2023.</p>\r\n<p>\u00a0</p>\r\n<p>ABERTURA DO ANO LEGISLATIVO</p>\r\n<p>Primeira Sess\u00e3o Ordin\u00e1ria de 2023 o Presidente Vereador Ezair Erhardt (MDB) recepcionou a todos desejando boas vindas e declarou aberta a Sess\u00e3o.\u00a0</p>\r\n<p>\u00a0</p>\r\n<p>LEITURA DE MAT\u00c9RIAS LEGISLATIVAS:</p>\r\n<p><b>INDICA\u00c7\u00c3O N\u00ba 01/2022</b> \u2013 Autoria: Vereador Aldori Rengel =&gt; Sugere ao Executivo Municipal, que denomine o Campeonato Municipal de Futebol de Campo, a realizar-se neste ano, de <b>\u201cCHICO RENGEL\u201d. </b><a href=\"https://sapl.imbuia.sc.leg.br/media/sapl/public/materialegislativa/2023/167/indicacoes01.23.pdf\">Leitura aqui</a></p>\r\n<p>ESPA\u00c7O PARA FALA DO PREFEITO EM EXERCICIO</p>\r\n<p>O Prefeito em Exerc\u00edcio Lauri Momm usou espa\u00e7o na Sess\u00e3o. Iniciou desejando sucesso para a Mesa Diretora e todos Vereadores neste ano. E que o clima possa ser bom entre os poderes. Colocando que muitas vezes n\u00e3o pode atender tudo que os Vereadores solicitam por ter de olhar para todos os mun\u00edcipes.</p>\r\n<p>Apresentou que visando o inicio do ano letivo est\u00e3o sendo feito prepara\u00e7\u00f5es como o patrolamento de estradas e reformas nos centros educacionais para dar in\u00edcio ao ano letivo.</p>\r\n<p>Quanto a chuvas e tempestades coloca que o munic\u00edpio n\u00e3o foi t\u00e3o severamente atingido, em contraste com munic\u00edpios vizinhos. Somente estragos pontuais na localidade de Alto Iva\u00ed.</p>\r\n<p>Coloca que deu prosseguimento a trabalho j\u00e1 planejados anteriormente: A Implanta\u00e7\u00e3o de ponto de \u00f4nibus um no Jardim Tarum\u00e3 e outro na Rua Joao Raitz.\u00a0 A prepara\u00e7\u00e3o do Parque de Eventos para a FEMIVE. A coloca\u00e7\u00e3o da cerca na Pra\u00e7a da Raiz que tamb\u00e9m recebera melhorias nos brinquedos. A implanta\u00e7\u00e3o de placas indicando as localidades. E a pintura de faixas no per\u00edmetro urbano.</p>\r\n<p>Destaca que procurou o setor respons\u00e1vel pelos Projeto da AMAVI para saber o estado em que est\u00e3o os Projetos que est\u00e3o l\u00e1. Apresenta que juntamente com os Vereadores recebe questionamentos e por isso buscou conhecer e pedir celeridade para tr\u00eas principais: A reforma da farm\u00e1cia, a cobertura do Pequeno Polegar e a rampa da Umbelina Lorenzzi.</p>\r\n<p>Visitou o IMA juntamente com Prefeito Deni para tratar sobre a libera\u00e7\u00e3o do Cemit\u00e9rio Municipal. Aonde j\u00e1 realizada vistoria e aguardando a an\u00e1lise da documenta\u00e7\u00e3o para ser liberado para uso.</p>\r\n<p>E j\u00e1 foi encaminhado para a C\u00e2mara Projeto alterando valores de horas maquinas.</p>\r\n<p>Conclui ressaltando a busca em entender sempre o todo da popula\u00e7\u00e3o.</p>\r\n<p>ORDEM DO DIA</p>\r\n<p>Realizada a apresenta\u00e7\u00e3o dos l\u00edderes de bancadas e vota\u00e7\u00e3o das Comiss\u00f5es Permanentes:</p>\r\n<p><b>\u00a0</b></p>\r\n<p>L\u00cdDERES DE BANCADA E COMISS\u00d5ES PERMANENTES</p>\r\n<p>Foi oficializado os Vereadores que ser\u00e3o os L\u00edderes da Bancada de Cada Partido e feita a forma\u00e7\u00e3o das Comiss\u00f5es Permanentes:</p>\r\n<p><b>Vereador Jorge Luiz Sardo L\u00edder do MDB</b></p>\r\n<p><b>Vereador Marcio Scheimann L\u00edder do PROGRESSISTAS</b></p>\r\n<p><b>Vereador Leonir Pedro Braun L\u00edder do PODEMOS.</b></p>\r\n<p><b>\u00a0</b></p>\r\n<p><b>Comiss\u00e3o de Constitui\u00e7\u00e3o, Legisla\u00e7\u00e3o, Justi\u00e7a e Reda\u00e7\u00e3o</b></p>\r\n<p>Presidente: Vereador Altair Rengel</p>\r\n<p>Vice Presidente: Vereador Ant\u00f4nio Truppel</p>\r\n<p>Secret\u00e1rio: Vereador Aldori Rengel</p>\r\n<p>\u00a0</p>\r\n<p><b>Comiss\u00e3o de Finan\u00e7as, Or\u00e7amentos, Tributa\u00e7\u00e3o e Fiscaliza\u00e7\u00e3o</b></p>\r\n<p>Presidente: Vereador Jorge Luiz Sardo</p>\r\n<p>Vice Presidente: Vereador Marcio Scheimann</p>\r\n<p>Secret\u00e1rio: Vereadora Giani Ferreira da Silva</p>\r\n<p>\u00a0</p>\r\n<p><b>Comiss\u00e3o de Educa\u00e7\u00e3o, Cultura, Sa\u00fade e Assist\u00eancia Social</b></p>\r\n<p>Presidente: Vereador Leonir Pedro Braun</p>\r\n<p>Vice Presidente: Vereador Aldori Rengel</p>\r\n<p>Secret\u00e1rio: Vereadora Ketrin Priscila Sell</p>\r\n<p><b>\u00a0</b></p>\r\n<p><b>Comiss\u00e3o de Obras, Servi\u00e7os P\u00fablicos e Atividades Privadas</b></p>\r\n<p>Presidente: Marcio Scheimann</p>\r\n<p>Vice Presidente: Vereador Aldori Rengel</p>\r\n<p>Secret\u00e1rio: Vereadora Ketrin Priscila Sell</p>\r\n<p>\u00a0</p>\r\n<p><b>Comiss\u00e3o de Comiss\u00e3o de Agricultura, Industria e Com\u00e9rcio</b></p>\r\n<p>Presidente: Vereador Leonir Pedro Braun</p>\r\n<p>Vice Presidente: Vereador Altair Rengel</p>\r\n<p>Secret\u00e1rio: Vereadora Giani Ferreira da Silva</p>\r\n<p>\u00a0</p>\r\n<p>EXPLICA\u00c7OES PESSOAIS</p>\r\n<p><b>Vereador Leonir Pedro Braun (PODEMOS): </b>Iniciou desejando que a C\u00e2mara nesse ano fa\u00e7o o melhor para o povo imbuiense.</p>\r\n<p>Agradeceu ao Executivo ao apoio para a Realeza da Festa do Milho Verde. Onde observou elas entregar convite durante a Festa da Matriz para cada fam\u00edlia que la estava para participar da FEMIVE. E incentiva que elas possam ir ainda para outros munic\u00edpios levar a propaganda daqui.</p>\r\n<p>Comentou sobre Projeto que apresentou e defendeu j\u00e1 em 2013 e at\u00e9 2016 para ajudar as pessoas que tem filhos ou c\u00f4njuge com alguma defici\u00eancia. Que teve que contar com os apoios do ex-Vereador Elimar Schlickmann e do ent\u00e3o Prefeito Jo\u00e3o Schwambach para conceder tal direito. E que com o Estatuto do Servidores, Projeto de Lei enviado para a C\u00e2mara final do ano passado foi revogado juntamente com outras leis o aux\u00edlio alimenta\u00e7\u00e3o integral dos benefici\u00e1rios desta licen\u00e7a. Ressaltando que o funcion\u00e1rio \u00e9 servidor por 40 horas e por isso deve receber vale alimenta\u00e7\u00e3o de 40 horas.</p>\r\n<p>Ressalta que como veio atropelado, acabou por passar despercebido dos Vereadores tamb\u00e9m a revoga\u00e7\u00e3o do benef\u00edcio ao servidor que busque se aperfei\u00e7oar com gradua\u00e7\u00e3o ou p\u00f3s gradua\u00e7\u00e3o.</p>\r\n<p>Assim solicita ao Executivo que encaminhe novamente Estatuto para C\u00e2mara estudar e que seja concedido novamente estes Direitos.</p>\r\n<p>Destacando que est\u00e1 Vereador e n\u00e3o \u00e9 Vereador. Que n\u00e3o \u00e9 uma profiss\u00e3o e que se esta aqui \u00e9 pela popula\u00e7\u00e3o e busca o melhor para ela.</p>\r\n<p>E em tempo acrescentou que uma das solicita\u00e7\u00f5es dos Vereadores foi atendida que foi a licen\u00e7a maternidade de 06 meses.</p>\r\n<p>\u00a0</p>\r\n<p>\u00a0\u00a0\u00a0\u00a0\u00a0\u00a0\u00a0\u00a0\u00a0\u00a0\u00a0 DEBATE PARA EXPLICA\u00c7\u00c3O PESSOAL DA FALA DO VEREADOR LEONIR</p>\r\n<p><b>Vereador Jorge Luiz Sardo (MDB):</b> Destacando que sempre buscou o melhor para as pessoas. E que sempre trabalhou em prol das pessoas. Sobre o Estatuto coloca que pode ter passado despercebido pelo Executivo e com essa Lei sendo revogada junto sem os Vereadores quererem. E assim solicita que o Executivo encaminhe Projeto corrigindo e dando esse direito novamente.</p>\r\n<p>E que tamb\u00e9m fosse convocada uma reuni\u00e3o com Prefeito, Prefeito em Exerc\u00edcio e Secret\u00e1rio de Administra\u00e7\u00e3o para alinhar para que possa ser feito da maneira correta.</p>\r\n<p><b>Vereadora Ketrin Priscila Sell (MDB) </b>colocou que confiava no que via da Prefeitura. E apesar de terem errado, mas quando apresentaram e explicaram o Projeto em nenhum momento colocaram em sobre a retirada dos benef\u00edcios. Destacando que entende que houve o erro e que espera que fa\u00e7\u00e3o a corre\u00e7\u00e3o.</p>\r\n<p><b>Vereador Marcio Scheimann (PP) </b>apresenta que nenhum Vereador teve a inten\u00e7\u00e3o de tirar benef\u00edcio de algu\u00e9m. Assim solicita ao Executivo que veja essa situa\u00e7\u00e3o e encaminhe a C\u00e2mara Projeto para corrigi-la. E ressalta para que n\u00e3o encaminhe Projetos em pouco prazo para estudos. E aonde tiveram confian\u00e7a com Executivo e que quando apresentou o Projeto em nenhum momento falou em retirar ou alterar estes benef\u00edcios.</p>\r\n<p>\u00a0<b>Vereadora Giani Ferreira da Silva (PP) </b>comentou sobre a forma\u00e7\u00e3o de Profissionais, aonde a Prefeitura da ajuda de custo para gradua\u00e7\u00e3o ou p\u00f3s gradua\u00e7\u00e3o. Por\u00e9m o funcion\u00e1rio n\u00e3o recebera nada ap\u00f3s a conclus\u00e3o. Assim n\u00e3o valendo o incentivo. E assim se busca gerar funcion\u00e1rios competentes capacitados deve haver o incentivo a eles permanecer no munic\u00edpio. E sobre o auxilio alimenta\u00e7\u00e3o que foi retirado \u00e9 injusto retirar um direito da qual j\u00e1 haviam conseguido.</p>\r\n<p><b>Vereador Aldori Rengel (MDB) </b>refor\u00e7a o pedido para que os Projetos venham a C\u00e2mara com mais tempo para an\u00e1lise. E que venham separados. Podendo assim analisar cada Projeto conforme necessita. Evitando assim erros como o que aconteceu.</p>\r\n<p><b>Vereador Altair Rengel (PP) </b>apresentou que como vem o Projeto acumulado que encaminhe de forma separada, ficando mais f\u00e1cil a an\u00e1lise. Onde se acaba por assinar muitas vezes analisar devidamente a situa\u00e7\u00e3o.</p>\r\n<p><b>Vereador Ant\u00f4nio Truppel (Podemos) </b>apresenta que foi uma falha dos Vereadores em aprovar, mesmo que com pouco tempo. Mas que tem certeza que o Executivo ira encaminhar Projeto para corre\u00e7\u00e3o.</p>\r\n<p>\u00a0</p>\r\n<p>EXPLICA\u00c7\u00c3O PESSOAL</p>\r\n<p><b>Vereador Aldori Rengel (MDB) </b>agradece ao Executivo pelo atendimento de pedidos realizados.</p>\r\n<p>Sobre a Indica\u00e7\u00e3o, diz ser uma homenagem ao Aurino que era uma pessoa \u201cdoente\u201d por futebol. Participando como atleta, como arbitro amador e ainda como respons\u00e1vel do gin\u00e1sio realiza campeonatos locais, atividades com crian\u00e7as. Aonde ele foi um grande incentivador do esporte no munic\u00edpio.\u00a0</p>\r\n<p>Ao encerramento o Presidente marcou a Pr\u00f3xima Sess\u00e3o Ordin\u00e1ria para o dia 13 de fevereiro as 19 horas.</p>\r\n<p>Acesse a \u00edntegra da Sess\u00e3o <a href=\"https://www.youtube.com/watch?v=E83aa7_dwlU\">aqui.</a></p>\r\n<p>Curta e siga a P\u00e1gina da C\u00e2mara assim saber\u00e1 tudo que o ocorre no legislativo do Munic\u00edpio.</p>\r\n<p>\u00a0</p>", "author_name": "", "version": "1.0", "author_url": "https://www.imbuia.sc.leg.br/author/imb", "provider_name": "C\u00e2mara de Vereadores de Imbuia", "type": "rich"}