{"provider_url": "https://www.imbuia.sc.leg.br", "title": "Hist\u00f3ria ", "html": "<p>Em 1926, chegaram os pioneiros\u00a0de Imbuia, representado por Ant\u00f4nio Fernando Allein, Dominicio Reitz, Ad\u00e3o Reitz, Pedro Teixeira, Fernando Allein, David Kammers, Gustavo Zeitz, Rodolfo Seeman, Ant\u00f4nio Laurindo, Hor\u00e1cio Laurindo Machado e outros que se estabeleceram na localidade de Chapad\u00e3o do Rio dos Bugres, hoje denominado Imbuia. Devido as \"peladas\" de futebol, as equipes visitantes denominavam a comunidade de \"Imbuia\", em virtude da exist\u00eancia em abund\u00e2ncia da madeira de lei chamada \"imbuia\".</p>\r\n<div><img alt=\"Imagem a\u00e9rea de Imbuia \" class=\"image-inline\" src=\"../../privativo/album-de-fotos/aerea.jpg/image_mini\" /><br />\r\n<div>\r\n<div>\r\n<p>Pela lei Estadual n\u00b06.473 de 03 de dezembro de 1984, a\u00a0\u00e1rvore\"imbuia\" \u00e9 considerada\u00a0\u00e1rvore\u00a0s\u00edmbolo, representativa do Estado de Santa Catarina.</p>\r\n<p>Pela lei Estadual n\u00b0839 de 23 de agosto de 1962, foi criado o Munic\u00edpio de Imbuia, sua instala\u00e7\u00e3o oficial deu-se em 10 de setembro de 1962. Pertence a comarca de Ituporanga(munic\u00edpio M\u00e3e).</p>\r\n<p>\u00a0</p>\r\n</div>\r\n<div>\u00a0</div>\r\n\u00a0\r\n<p>\u00a0</p>\r\n</div>\r\n</div>", "author_name": "", "version": "1.0", "author_url": "https://www.imbuia.sc.leg.br/author/imb", "provider_name": "C\u00e2mara de Vereadores de Imbuia", "type": "rich"}