{"provider_url": "https://www.imbuia.sc.leg.br", "title": "Fun\u00e7\u00e3o e Defini\u00e7\u00e3o", "html": "<div class=\"documentDescription\" id=\"parent-fieldname-description\"><strong>SAIBA TUDO SOBRE A C\u00c2MARA DE VEREADORES</strong></div>\r\n<div class=\"documentDescription\"><strong><br /></strong></div>\r\n<div id=\"content-core\">\r\n<div id=\"parent-fieldname-text-68bfa81e58324bac9fe0e850b25791c0\">\r\n<p><strong>As fun\u00e7\u00f5es da C\u00e3mara</strong></p>\r\n<p>As principais fun\u00e7\u00f5es da C\u00e2mara de Vereadores s\u00e3o as seguintes:</p>\r\n<p>&gt; Legislativa;</p>\r\n<p>&gt; de Fiscaliza\u00e7\u00e3o;</p>\r\n<p>&gt; de Julgamento;</p>\r\n<p>&gt; de Assessoramento;</p>\r\n<p>&gt; de Administra\u00e7\u00e3o.</p>\r\n<p>\u00a0</p>\r\n<p><strong>Fun\u00e7\u00e3o Legislativa:\u00a0</strong>Consiste em analisar, discutir e votar os projetos que ser\u00e3o transformados em leis, buscando organizar a vida da comunidade. Os Projetos podem ter origem na pr\u00f3pria C\u00e2mara de Vereadores ou serem apresentados pelo Poder Executivo e, ainda, pela pr\u00f3pria comunidade, devendo, neste caso, ser subscrito, no m\u00ednimo, por 5% do eleitorado do Munic\u00edpio.</p>\r\n<p><strong>Fun\u00e7\u00e3o de Fiscaliza\u00e7\u00e3o:\u00a0</strong>Uma das fun\u00e7\u00f5es mais importantes da C\u00e2mara Municipal \u00e9 fiscalizar os atos do Poder Executivo. Isso se faz atrav\u00e9s de Pedidos de Informa\u00e7\u00f5es sobre assuntos da administra\u00e7\u00e3o municipal, exame de conv\u00eanios, aprecia\u00e7\u00e3o da Presta\u00e7\u00e3o de Contas do Prefeito com o parecer pr\u00e9vio do tribunal de Contas do Estado, constitui\u00e7\u00e3o de Comiss\u00f5es Parlamentares de Inqu\u00e9rito - CPI, para apura\u00e7\u00e3o de fatos determinados, convoca\u00e7\u00e3o de Secret\u00e1rios Municipais para prestar esclarecimentos, dentre outros.</p>\r\n<p><strong>Fun\u00e7\u00e3o de Julgamento:\u00a0</strong>\u00c9 exercida pela C\u00e2mara atrav\u00e9s de processo e julgamento das infra\u00e7\u00f5es pol\u00edtico-administrativas do Prefeito e dos Vereadores. Quando processados e julgados culpados, a pena \u00e9 a perda do mandato.</p>\r\n<p><strong>Fun\u00e7\u00e3o de Assessoramento:\u00a0</strong>Os Vereadores podem sugerir ao Prefeito melhorias para a comunidade. Por exemplo: melhorias nas estradas, compra de maquin\u00e1rio para a agricultura, equipamentos para a Secretaria de Sa\u00fade, \u00f4nibus escolares, etc. Isso se faz atrav\u00e9s de Pedidos de Provid\u00eancias, que n\u00e3o tem for\u00e7a de lei, apenas servem de sugest\u00e3o ao Executivo.</p>\r\n<p><strong>Fun\u00e7\u00e3o de Administra\u00e7\u00e3o:\u00a0</strong>\u00c9 tarefa da pr\u00f3pria C\u00e2mara a sua organiza\u00e7\u00e3o interna e a regulamenta\u00e7\u00e3o de seus servi\u00e7os. Citamos, como exemplo, a elei\u00e7\u00e3o da Mesa Diretora, a constitui\u00e7\u00e3o das Comiss\u00f5es Permanentes, a contrata\u00e7\u00e3o de assessoria, a nomea\u00e7\u00e3o de servidores, a divulga\u00e7\u00e3o dos trabalhos da Casa e a gest\u00e3o de seus recursos or\u00e7ament\u00e1rios.</p>\r\n<p><strong>A Organiza\u00e7\u00e3o da C\u00e2mara</strong></p>\r\n<p><strong></strong>A C\u00e2mara Municipal de Imbuia \u00e9 composta por 9 (nove) vereadores. O n\u00famero de vereadores \u00e9 proporcional \u00e0 popula\u00e7\u00e3o do Munic\u00edpio, observados os limites estabelecidos pela Constitui\u00e7\u00e3o Federal.</p>\r\n<p>Os vereadores s\u00e3o eleitos pelo povo, em elei\u00e7\u00e3o direta, sendo os leg\u00edtimos representantes da popula\u00e7\u00e3o do Munic\u00edpio.</p>\r\n<p>No primeiro ano de cada legislatura, cuja dura\u00e7\u00e3o coincide com a do mandato dos vereadores (hoje de 4 anos), a C\u00e2mara re\u00fane-se no dia 1\u00ba de janeiro para dar posse aos Vereadores, Prefeito e Vice-Prefeito, bem como eleger sua Mesa Diretora e as Comiss\u00f5es.</p>\r\n<p>A Sess\u00e3o Legislativa, que \u00e9 cada ano da legislatura, compreende o per\u00edodo de 2 de fevereiro a 17 de julho e de 1\u00ba de agosto a 22 de dezembro.</p>\r\n<p>No ato de posse, os eleitos prestam o seguinte compromisso: \"Prometo manter, defender e cumprir a Constitui\u00e7\u00e3o da Rep\u00fablica, do Estado de Santa Catarina, a Lei Org\u00e2nica do Munic\u00edpio de Imbuia e exercer com patriotismo,honestidade e espirito p\u00fablico, o mandato que me foi conferido.\"</p>\r\n<p>Como se v\u00ea, \u00e9 a C\u00e2mara quem d\u00e1 posse ao Prefeito e ao Vice-Prefeito, ap\u00f3s declarada a sua instala\u00e7\u00e3o.</p>\r\n<p><strong>Conhe\u00e7a a estrutura organizacional da C\u00e2mara de Vereadores.</strong></p>\r\n<p><strong></strong><strong>Mesa Diretora:\u00a0</strong>A Mesa \u00e9 o \u00f3rg\u00e3o de dire\u00e7\u00e3o dos trabalhos da C\u00e2mara Municipal, sendo composta por um Presidente, um Vice-Presidente, 1\u00ba Secret\u00e1rio e 2\u00ba Secret\u00e1rio. Eleitos para o mandato de um ano, vedada a recondu\u00e7\u00e3o para o mesmo cargo na elei\u00e7\u00e3o imediatamente subsequente.</p>\r\n<p>O Presidente \u00e9 quem dirige e representa a C\u00e2mara, sendo respons\u00e1vel pela execu\u00e7\u00e3o or\u00e7ament\u00e1ria da Casa.</p>\r\n<p><strong>Plen\u00e1rio:\u00a0</strong>\u00c9 o \u00f3rg\u00e3o soberano e deliberativo da C\u00e2mara Municipal, sendo composto pelos 9 Vereadores. Cabe ao Plen\u00e1rio votar os projetos de lei e demais mat\u00e9rias que tramitam na Casa. Cabe recurso ao Plen\u00e1rio de decis\u00e3o do Presidente da Mesa ou das Comiss\u00f5es.</p>\r\n<p><strong>Comiss\u00f5es:\u00a0</strong>S\u00e3o \u00f3rg\u00e3os t\u00e9cnicos constitu\u00eddos pelos pr\u00f3prios membros da C\u00e2mara, em car\u00e1ter permanente ou transit\u00f3rio, destinadas a proceder estudos, emitir pareceres especializados, realizar investiga\u00e7\u00f5es e representar o Legislativo, conforme o caso, enfim, s\u00e3o \u00f3rg\u00e3os de estudo de mat\u00e9ria submetida \u00e0 aprecia\u00e7\u00e3o da C\u00e2mara.</p>\r\n<p>As Comiss\u00f5es Permanentes s\u00e3o compostas de tr\u00eas membros cada uma. Cabe as Comiss\u00f5es, conforme a mat\u00e9ria, analisar e emitir parecer antes de sua inclus\u00e3o na ordem do dia para discuss\u00e3o e vota\u00e7\u00e3o pelo Plen\u00e1rio.</p>\r\n<p><strong>Comiss\u00f5es Tempor\u00e1rias:\u00a0</strong>Possuem car\u00e1ter transit\u00f3rio e destinam-se a apreciar assunto relevante ou excepcional, ou representar a C\u00e2mara, sendo constitu\u00eddas com atribui\u00e7\u00f5es e prazo de funcionamento definidos.</p>\r\n<p><strong>Bancadas:\u00a0</strong>Os partidos pol\u00edticos, com representa\u00e7\u00e3o na C\u00e2mara, t\u00eam sua respectiva bancada, composta por seus vereadores, Cada bancada tem um vereador l\u00edder que a representa.</p>\r\n<p><strong>Como s\u00e3o desenvolvidos os trabalhos na C\u00e2mara de Vereadores?</strong></p>\r\n<p>Basicamente, os trabalhos oficiais da C\u00e2mara Municipal s\u00e3o realizados nas sess\u00f5es plen\u00e1rias e nas reuni\u00f5es das comiss\u00f5es.</p>\r\n<p><strong>Que tipos de sess\u00f5es existem?</strong></p>\r\n<p><strong>Sess\u00f5es Plen\u00e1rias Ordin\u00e1rias:\u00a0</strong>Acontecem todas as segundas-feiras, com in\u00edcio \u00e0s 19h00min, exceto feriados. As sess\u00f5es ordin\u00e1rias s\u00e3o divididas em cinco partes, a saber: Leitura do Expediente; Pequeno Expediente; Grande Expediente; Ordem do Dia, e Explica\u00e7\u00f5es Pessoais. Nas sess\u00f5es plen\u00e1rias ordin\u00e1rias s\u00e3o apresentados, discutidos, apreciados e votados Projetos de Lei, de Resolu\u00e7\u00f5es, de Decretos e Requerimentos, al\u00e9m da apresenta\u00e7\u00e3o de Projetos de Lei do Executivo e do Legislativo, Projetos de Resolu\u00e7\u00f5es e Decretos, Pedidos de Provid\u00eancias e de Informa\u00e7\u00f5es, tamb\u00e9m de Mo\u00e7\u00f5es e al\u00e9m da leitura das correspond\u00eancias recebidas pela C\u00e2mara Municipal.</p>\r\n<p><strong>Sess\u00f5es Plen\u00e1rias Extraordin\u00e1rias:\u00a0</strong>S\u00e3o as realizadas em hor\u00e1rios diversos dos fixados para as sess\u00f5es plen\u00e1rias ordin\u00e1rias, mediante convoca\u00e7\u00e3o, para aprecia\u00e7\u00e3o de mat\u00e9ria em Ordem do Dia. Normalmente as sess\u00f5es plen\u00e1rias extraordin\u00e1rias acontecem quando h\u00e1 necessidade de vota\u00e7\u00e3o urgente de projetos.</p>\r\n<p><strong>Sess\u00f5es Solenes:\u00a0</strong>S\u00e3o as convocadas para a realiza\u00e7\u00e3o de homenagens.</p>\r\n<p><strong>Quais os tipos de proposi\u00e7\u00f5es que podem tramitar na C\u00e2mara Municipal?</strong></p>\r\n<p><strong>Proposta de Emenda \u00e0 Lei Org\u00e2nica Municipal:</strong>\u00a0Trata-se de proposta de altera\u00e7\u00e3o da Lei Org\u00e2nica Municipal que, se aprovada em dois turnos de vota\u00e7\u00e3o com voto favor\u00e1vel de dois ter\u00e7os dos membros da C\u00e2mara em cada uma das vota\u00e7\u00f5es, ser\u00e1 promulgada por seu Presidente<strong>\u00a0</strong></p>\r\n<p><strong>Projetos de Lei:\u00a0</strong>\u00c9 a proposi\u00e7\u00e3o, sujeita \u00e0 san\u00e7\u00e3o do Prefeito, que disciplina mat\u00e9ria de compet\u00eancia do Munic\u00edpio. Pode ser de autoria do Executivo, do Legislativo, ou de 5% do eleitorado do Munic\u00edpio, salvo nos casos de compet\u00eancia exclusiva.</p>\r\n<p><strong>Projeto de Decreto Legislativo:\u00a0</strong>\u00c9 a proposi\u00e7\u00e3o de iniciativa do Legislativo, que produz efeitos externos. \u00c9 promulgado pelo Presidente da C\u00e2mara. Ex.: Projeto de Decreto Legislativo que disp\u00f5e sobre a aprova\u00e7\u00e3o das contas p\u00fablicas do Prefeito Municipal.</p>\r\n<p><strong>Projeto de Resolu\u00e7\u00e3o:\u00a0</strong>\u00c9 a proposi\u00e7\u00e3o de iniciativa do Legislativo, que produz efeitos internos. \u00c9 promulgado pelo Presidente da C\u00e2mara. Ex.: Projeto de Resolu\u00e7\u00e3o que disp\u00f5e sobre a organiza\u00e7\u00e3o dos servi\u00e7os administrativos da C\u00e2mara Municipal.</p>\r\n<p><strong>Emendas:\u00a0</strong>\u00c9 a proposi\u00e7\u00e3o apresentada como acess\u00f3ria de outra, podendo ser: Supressiva - a que manda erradicar qualquer parte principal; Substitutiva - a que \u00e9 apresentada como suced\u00e2nea de outra, como um todo; Aditiva - a que acrescenta novas disposi\u00e7\u00f5es \u00e0 principal; e, Modificativa - a que altera a proposi\u00e7\u00e3o principal.</p>\r\n<p><strong>Pedidos de Provid\u00eancias:\u00a0</strong>S\u00e3o proposi\u00e7\u00f5es que destinam-se a propor ao Poder Executivo medidas de ordem pol\u00edtico-administrativa, bem como a execu\u00e7\u00e3o de obras e servi\u00e7os de interesse da coletividade. Servindo, tamb\u00e9m, para o vereador solicitar a manifesta\u00e7\u00e3o da C\u00e2mara acerca de determinado assunto, visando a elabora\u00e7\u00e3o de projeto sobre mat\u00e9ria de compet\u00eancia do Legislativo.</p>\r\n<p><strong>Pedido de Informa\u00e7\u00f5es:\u00a0</strong>\u00c9 formulado por vereador e tem como objetivo obter esclarecimentos sobre fato determinado ocorrido na circunscri\u00e7\u00e3o da Administra\u00e7\u00e3o P\u00fablica Municipal.</p>\r\n<p><strong>Requerimento:\u00a0</strong>\u00c9 a proposi\u00e7\u00e3o dirigida \u00e0 Mesa ou ao Presidente, por qualquer vereador ou comiss\u00e3o, sobre mat\u00e9ria de compet\u00eancia da C\u00e2mara Municipal. Ex.: Votos de congratula\u00e7\u00f5es.</p>\r\n<p><strong>Mo\u00e7\u00e3o:\u00a0</strong>\u00c9 a proposi\u00e7\u00e3o contendo proposta sobre o estudo de uma quest\u00e3o. Ex.: Mo\u00e7\u00e3o de Apoio e Mo\u00e7\u00e3o de Rep\u00fadio.</p>\r\n<p><strong>Quais os passos a percorrer para que um \"Projeto\" se transforme em \"Lei\"?</strong></p>\r\n<p><strong></strong>Para que um projeto de lei seja aprovado h\u00e1 um caminho a percorrer, conforme veremos a seguir:</p>\r\n<p>&gt; Primeiramente ele \u00e9 recebido pela Secretaria da C\u00e2mara, onde \u00e9 protocolado, ou seja, \u00e9 registrado o seu recebimento.</p>\r\n<p>&gt; Ap\u00f3s, o projeto \u00e9 lido no Expediente da Sess\u00e3o Plen\u00e1ria, e \u00e9 encaminhado para as Comiss\u00f5es pertinentes para an\u00e1lise e parecer. \u00a0Elas estudam o que est\u00e1 sendo proposto, podendo solicitar esclarecimentos ao autor da mat\u00e9ria, ouvir a comunidade sobre o assunto ou requerer pareceres t\u00e9cnicos. Os pareceres das comiss\u00f5es servem de base para os demais vereadores se posicionarem sobre a mat\u00e9ria.</p>\r\n<p>&gt; A cargo do Presidente, quando o projeto retorna das comiss\u00f5es, vai para a ordem do dia da sess\u00e3o plen\u00e1ria seguinte.</p>\r\n<p>&gt; Na Ordem do Dia o projeto \u00e9 por duas sess\u00f5es discutido em plen\u00e1rio e ap\u00f3s vai para vota\u00e7\u00e3o.</p>\r\n<p>&gt; Votado o projeto, se rejeitado \u00e9 arquivado, Se aprovado \u00e9 encaminhado ao Executivo para san\u00e7\u00e3o.</p>\r\n<p>&gt; Se o Prefeito concordar com o projeto ele o sanciona, transformando-o em lei. Se ele n\u00e3o concordar com o projeto pode vet\u00e1-lo, no todo ou em parte.</p>\r\n<p>&gt; A mat\u00e9ria vetada volta \u00e0 C\u00e2mara para ser apreciado o veto. Aceito o veto do Prefeito, o projeto \u00e9 arquivado. Por\u00e9m, se a C\u00e2mara derruba o veto do Prefeito, a mat\u00e9ria volta ao Executivo para san\u00e7\u00e3o. Se o Prefeito n\u00e3o sancionar no prazo regimental, caber\u00e1 ao Presidente da C\u00e2mara faz\u00ea-lo.</p>\r\n<p><strong>Participa\u00e7\u00e3o Popular</strong></p>\r\n<p><strong>De que forma acontece a participa\u00e7\u00e3o popular junto \u00e0 C\u00e2mara de Vereadores?</strong></p>\r\n<p><strong></strong>As sess\u00f5es plen\u00e1rias e as reuni\u00f5es das comiss\u00f5es s\u00e3o abertas ao p\u00fablico, podendo assistir qualquer pessoa que tiver interesse, independente de convite espec\u00edfico. Acompanhando as sess\u00f5es e as reuni\u00f5es das comiss\u00f5es voc\u00ea tomar\u00e1 conhecimento de todas as mat\u00e9rias que tramitam no legislativo e estar\u00e1 exercendo a cidadania.\u00a0</p>\r\n<p><strong>Audi\u00eancias P\u00fablicas</strong></p>\r\n<p><strong></strong>Cada comiss\u00e3o poder\u00e1 realizar audi\u00eancias p\u00fablicas com as entidades da sociedade civil e a comunidade em geral, para instruir mat\u00e9ria legislativa em tr\u00e2mite, bem como para tratar de assunto de interesse p\u00fablico relevante. As audi\u00eancias p\u00fablicas s\u00e3o obrigat\u00f3rias em casos como a aprecia\u00e7\u00e3o das leis or\u00e7ament\u00e1rias, para assegurar a participa\u00e7\u00e3o da sociedade no processo de discuss\u00e3o das mesmas.</p>\r\n<p><strong>Ficou alguma d\u00favida?</strong></p>\r\n<p>Entre em contato com a C\u00e2mara, no rodap\u00e9 da pagina est\u00e3o os meios para contatar a C\u00e2mara</p>\r\n<p><strong>Pretende reclamar, sugerir, denunciar, solicitar ou elogiar?</strong></p>\r\n<p>Use o sistema de Informa\u00e7\u00e3o ao Cidad\u00e3o, no \u00a0menu lateral a direita. Onde pode estar protocolando uma demanda que ser\u00e1 examinada e atendida pela C\u00e2mara.</p>\r\n<p><strong>A equipe da C\u00e2mara agradece a sua participa\u00e7\u00e3o</strong>\u00a0</p>\r\n</div>\r\n</div>", "author_name": "Interlegis", "version": "1.0", "author_url": "https://www.imbuia.sc.leg.br/author/Interlegis", "provider_name": "C\u00e2mara de Vereadores de Imbuia", "type": "rich"}